{"id":389,"date":"2024-11-14T15:48:57","date_gmt":"2024-11-14T15:48:57","guid":{"rendered":"https:\/\/mondesirdailleurs.fr\/?p=389"},"modified":"2025-01-16T16:08:35","modified_gmt":"2025-01-16T16:08:35","slug":"entre-passion-et-profession","status":"publish","type":"post","link":"https:\/\/mondesirdailleurs.fr\/en\/entre-passion-et-profession\/","title":{"rendered":"ENTRE PASSION ET PROFESSION"},"content":{"rendered":"<div id=\"fws_69f1eb46357d3\"  data-column-margin=\"default\" data-midnight=\"dark\"  class=\"wpb_row vc_row-fluid vc_row\"  style=\"padding-top: 0px; padding-bottom: 0px; \"><div class=\"row-bg-wrap\" data-bg-animation=\"none\" data-bg-animation-delay=\"\" data-bg-overlay=\"false\"><div class=\"inner-wrap row-bg-layer\" ><div class=\"row-bg viewport-desktop\"  style=\"\"><\/div><\/div><\/div><div class=\"row_col_wrap_12 col span_12 dark left\">\n\t<div  class=\"vc_col-sm-12 wpb_column column_container vc_column_container col no-extra-padding inherit_tablet inherit_phone\"  data-padding-pos=\"all\" data-has-bg-color=\"false\" data-bg-color=\"\" data-bg-opacity=\"1\" data-animation=\"\" data-delay=\"0\" >\n\t\t<div class=\"vc_column-inner\" >\n\t\t\t<div class=\"wpb_wrapper\">\n\t\t\t\t\n<div class=\"wpb_text_column wpb_content_element\" >\n\t<div class=\"wpb_wrapper\">\n\t\t<h2>Mon Parcours pour Devenir Travel Planner<\/h2>\n<p><span style=\"font-weight: 400;\">Depuis toujours, les voyages ont \u00e9t\u00e9 pour moi une source d\u2019inspiration et de joie. Mais au-del\u00e0 de la d\u00e9couverte de nouveaux paysages et cultures, j\u2019ai toujours pris un plaisir particulier \u00e0 organiser, planifier et personnaliser mes propres aventures. Aujourd\u2019hui, je suis heureuse d&rsquo;avoir fait de cette passion mon m\u00e9tier en tant que travel planner. Voici comment j\u2019ai transform\u00e9 mon amour pour le voyage en une v\u00e9ritable vocation.<\/span><\/p>\n<h2>Les Premiers Pas : Une Passion pour le Voyage et la Moto<\/h2>\n<p><span style=\"font-weight: 400;\">Le voyage a toujours fait partie de ma vie, tout comme la moto. Je suis n\u00e9e et j&rsquo;ai grandi \u00e0 Grasse, et je suis motarde depuis plus de 40 ans. J\u2019ai parcouru les routes de France et d\u2019Europe, accumulant des souvenirs inoubliables. J&rsquo;ai ainsi une connaissance approfondie du quart sud-est de la France et de nombreux itin\u00e9raires pittoresques \u00e0 travers les r\u00e9gions fran\u00e7aises. Voyager est une mani\u00e8re unique de ressentir le monde autour de soi, et j\u2019ai eu envie de partager cette passion avec vous.<\/span><\/p>\n<h2>Le D\u00e9clic : Une Exp\u00e9rience Unique \u00e0 Sulawesi<\/h2>\n<p><span style=\"font-weight: 400;\">Le moment d\u00e9cisif a eu lieu apr\u00e8s un voyage exceptionnel de trois semaines \u00e0 Sulawesi, en\u00a0 Indon\u00e9sie, avec quatre amies. Ce voyage nous a permis de vivre des exp\u00e9riences vraiment uniques et m\u2019a montr\u00e9 \u00e0 quel point une organisation sur mesure pouvait rendre une aventure plus enrichissante et m\u00e9morable. En discutant avec d\u2019autres passionn\u00e9s, j\u2019ai r\u00e9alis\u00e9 combien de personnes r\u00eavaient d\u2019aventures personnalis\u00e9es sans n\u00e9cessairement savoir comment les organiser. C\u2019est ainsi que l\u2019id\u00e9e de devenir travel planner s\u2019est impos\u00e9e \u00e0 moi. En tant que cr\u00e9atrice d\u2019itin\u00e9raires et conseill\u00e8re en voyage, j\u2019avais l\u2019opportunit\u00e9 d&rsquo;aider d\u2019autres voyageurs \u00e0 vivre des exp\u00e9riences uniques et inoubliables.<\/span><\/p>\n<h2>Une Formation Certifi\u00e9e Qualiopi<\/h2>\n<p><span style=\"font-weight: 400;\">Pour concr\u00e9tiser mon projet, j\u2019ai choisi de suivre la formation d\u2019<\/span><a href=\"https:\/\/happytravelacademy.com\/programme-formation-travel-planner\/\"><b>Happy Travel Academy<\/b><\/a><span style=\"font-weight: 400;\">, la seule formation de travel planner certifi\u00e9e Qualiopi. Ce choix \u00e9tait important pour moi, car je voulais m\u2019assurer de recevoir un enseignement de qualit\u00e9, reconnu pour son s\u00e9rieux et son professionnalisme. Cette formation m\u2019a permis d\u2019acqu\u00e9rir les comp\u00e9tences n\u00e9cessaires pour planifier des voyages de mani\u00e8re professionnelle et r\u00e9pondre aux attentes sp\u00e9cifiques de chaque voyageur.<\/span><\/p>\n<h2>Cr\u00e9er \u00ab\u00a0Mon D\u00e9sir d\u2019Ailleurs\u00a0\u00bb : Un Service de Voyage Personnalis\u00e9<\/h2>\n<p><span style=\"font-weight: 400;\">Gr\u00e2ce \u00e0 mon exp\u00e9rience et \u00e0 ma formation, <\/span><b>Mon D\u00e9sir d\u2019Ailleurs<\/b><span style=\"font-weight: 400;\"> a vu le jour, et aujourd\u2019hui je vous propose une gamme de services refl\u00e9tant ma vision du voyage : personnalis\u00e9, harmonieux et responsable. Je combine mon exp\u00e9rience personnelle avec une expertise professionnelle pour cr\u00e9er des voyages sur mesure, que ce soit pour des couples, des amis ou des groupes de motards.<\/span><\/p>\n<h2>Voyager Autrement : Vers un Voyage Responsable et Authentique<\/h2>\n<p><span style=\"font-weight: 400;\">Au c\u0153ur de <\/span><b>Mon D\u00e9sir d\u2019Ailleurs<\/b><span style=\"font-weight: 400;\">, il y a une volont\u00e9 de promouvoir un tourisme plus responsable. Nous aimons encourager des pratiques qui respectent l\u2019environnement et mettent en valeur les tr\u00e9sors cach\u00e9s de chaque r\u00e9gion. Nous incitons les voyageurs \u00e0 s\u2019immerger dans la culture locale tout en limitant leur impact environnemental, afin de favoriser des pratiques respectueuses de l\u2019environnement.<\/span><\/p>\n<p><span style=\"font-weight: 400;\">Devenir travel planner est bien plus qu\u2019un m\u00e9tier pour moi, c\u2019est une vocation et un moyen de partager ma passion pour l\u2019aventure et l\u2019exploration. J&rsquo;esp\u00e8re pouvoir inspirer d\u2019autres voyageurs \u00e0 sortir des sentiers battus et \u00e0 vivre des exp\u00e9riences qui leur ressemblent vraiment.<\/span><\/p>\n<h2>Pourquoi Choisir un Travel Planner ?<\/h2>\n<p><span style=\"font-weight: 400;\">Planifier un voyage peut \u00eatre stressant et chronophage. En tant que travel planner, mon r\u00f4le est d\u2019all\u00e9ger cette charge pour permettre aux voyageurs de se concentrer sur l\u2019essentiel : profiter du moment pr\u00e9sent. En travaillant avec moi, ils b\u00e9n\u00e9ficient d\u2019une expertise locale, de conseils personnalis\u00e9s, et d\u2019un service sur mesure qui prend en compte leurs envies et leurs besoins uniques.<\/span><\/p>\n<p>&nbsp;<\/p>\n<p>Vous souhaitez devenir Travel Planner ?<\/p>\n<p>Je peux \u00eatre votre marraine \ud83d\ude42<\/p>\n\t<\/div>\n<\/div>\n\n\n\n\n\t\t\t<\/div> \n\t\t<\/div>\n\t<\/div> \n<\/div><\/div>\n\t\t<div id=\"fws_69f1eb4635e12\"  data-column-margin=\"default\" data-midnight=\"dark\"  class=\"wpb_row vc_row-fluid vc_row\"  style=\"padding-top: 0px; padding-bottom: 0px; \"><div class=\"row-bg-wrap\" data-bg-animation=\"none\" data-bg-animation-delay=\"\" data-bg-overlay=\"false\"><div class=\"inner-wrap row-bg-layer\" ><div class=\"row-bg viewport-desktop\"  style=\"\"><\/div><\/div><\/div><div class=\"row_col_wrap_12 col span_12 dark left\">\n\t<div  class=\"vc_col-sm-12 wpb_column column_container vc_column_container col no-extra-padding inherit_tablet inherit_phone\"  data-padding-pos=\"all\" data-has-bg-color=\"false\" data-bg-color=\"\" data-bg-opacity=\"1\" data-animation=\"\" data-delay=\"0\" >\n\t\t<div class=\"vc_column-inner\" >\n\t\t\t<div class=\"wpb_wrapper\">\n\t\t\t\t<a class=\"nectar-button medium regular accent-color  regular-button\"  role=\"button\" style=\"\"  href=\"https:\/\/mondesirdailleurs.fr\/en\/contact\/\" data-color-override=\"false\" data-hover-color-override=\"false\" data-hover-text-color-override=\"#fff\"><span>Contactez nous<\/span><\/a>\n\t\t\t<\/div> \n\t\t<\/div>\n\t<\/div> \n<\/div><\/div>","protected":false},"excerpt":{"rendered":"Mon Parcours pour Devenir Travel Planner Depuis toujours, les voyages ont \u00e9t\u00e9 pour moi une source d\u2019inspiration et de joie. Mais au-del\u00e0 de la d\u00e9couverte de nouveaux paysages et cultures,...","protected":false},"author":3,"featured_media":219,"comment_status":"closed","ping_status":"open","sticky":false,"template":"","format":"standard","meta":{"_joinchat":[],"footnotes":""},"categories":[9],"tags":[],"class_list":["post-389","post","type-post","status-publish","format-standard","has-post-thumbnail","category-actualites"],"yoast_head":"<!-- This site is optimized with the Yoast SEO plugin v27.4 - https:\/\/yoast.com\/product\/yoast-seo-wordpress\/ -->\n<title>ENTRE PASSION ET PROFESSION - mon d\u00e9sir d&#039;ailleurs<\/title>\n<meta name=\"description\" content=\"Au del\u00e0 de la d\u00e9couverte des paysages et des cultures, j\u2019ai toujours pris beaucoup de plaisir \u00e0 organiser, planifier et personnaliser mes propres aventures.\" \/>\n<meta name=\"robots\" content=\"index, follow, max-snippet:-1, max-image-preview:large, max-video-preview:-1\" \/>\n<link rel=\"canonical\" href=\"https:\/\/mondesirdailleurs.fr\/en\/entre-passion-et-profession\/\" \/>\n<meta property=\"og:locale\" content=\"en_US\" \/>\n<meta property=\"og:type\" content=\"article\" \/>\n<meta property=\"og:title\" content=\"ENTRE PASSION ET PROFESSION - mon d\u00e9sir d&#039;ailleurs\" \/>\n<meta property=\"og:description\" content=\"Au del\u00e0 de la d\u00e9couverte des paysages et des cultures, j\u2019ai toujours pris beaucoup de plaisir \u00e0 organiser, planifier et personnaliser mes propres aventures.\" \/>\n<meta property=\"og:url\" content=\"https:\/\/mondesirdailleurs.fr\/en\/entre-passion-et-profession\/\" \/>\n<meta property=\"og:site_name\" content=\"mon d\u00e9sir d&#039;ailleurs\" \/>\n<meta property=\"article:published_time\" content=\"2024-11-14T15:48:57+00:00\" \/>\n<meta property=\"article:modified_time\" content=\"2025-01-16T16:08:35+00:00\" \/>\n<meta property=\"og:image\" content=\"https:\/\/mondesirdailleurs.fr\/wp-content\/uploads\/2024\/11\/IMG_0217.jpg\" \/>\n\t<meta property=\"og:image:width\" content=\"1286\" \/>\n\t<meta property=\"og:image:height\" content=\"857\" \/>\n\t<meta property=\"og:image:type\" content=\"image\/jpeg\" \/>\n<meta name=\"author\" content=\"Nathalie\" \/>\n<meta name=\"twitter:card\" content=\"summary_large_image\" \/>\n<meta name=\"twitter:label1\" content=\"Written by\" \/>\n\t<meta name=\"twitter:data1\" content=\"Nathalie\" \/>\n\t<meta name=\"twitter:label2\" content=\"Est. reading time\" \/>\n\t<meta name=\"twitter:data2\" content=\"4 minutes\" \/>\n<script type=\"application\/ld+json\" class=\"yoast-schema-graph\">{\"@context\":\"https:\\\/\\\/schema.org\",\"@graph\":[{\"@type\":\"Article\",\"@id\":\"https:\\\/\\\/mondesirdailleurs.fr\\\/entre-passion-et-profession\\\/#article\",\"isPartOf\":{\"@id\":\"https:\\\/\\\/mondesirdailleurs.fr\\\/entre-passion-et-profession\\\/\"},\"author\":{\"name\":\"Nathalie\",\"@id\":\"https:\\\/\\\/mondesirdailleurs.fr\\\/#\\\/schema\\\/person\\\/7868c9f09d51f9aa4d95a369a07e54cd\"},\"headline\":\"ENTRE PASSION ET PROFESSION\",\"datePublished\":\"2024-11-14T15:48:57+00:00\",\"dateModified\":\"2025-01-16T16:08:35+00:00\",\"mainEntityOfPage\":{\"@id\":\"https:\\\/\\\/mondesirdailleurs.fr\\\/entre-passion-et-profession\\\/\"},\"wordCount\":1038,\"image\":{\"@id\":\"https:\\\/\\\/mondesirdailleurs.fr\\\/entre-passion-et-profession\\\/#primaryimage\"},\"thumbnailUrl\":\"https:\\\/\\\/mondesirdailleurs.fr\\\/wp-content\\\/uploads\\\/2024\\\/11\\\/IMG_0217.jpg\",\"articleSection\":[\"ACTUALIT\u00c9S\"],\"inLanguage\":\"en-US\"},{\"@type\":\"WebPage\",\"@id\":\"https:\\\/\\\/mondesirdailleurs.fr\\\/entre-passion-et-profession\\\/\",\"url\":\"https:\\\/\\\/mondesirdailleurs.fr\\\/entre-passion-et-profession\\\/\",\"name\":\"ENTRE PASSION ET PROFESSION - mon d\u00e9sir d&#039;ailleurs\",\"isPartOf\":{\"@id\":\"https:\\\/\\\/mondesirdailleurs.fr\\\/#website\"},\"primaryImageOfPage\":{\"@id\":\"https:\\\/\\\/mondesirdailleurs.fr\\\/entre-passion-et-profession\\\/#primaryimage\"},\"image\":{\"@id\":\"https:\\\/\\\/mondesirdailleurs.fr\\\/entre-passion-et-profession\\\/#primaryimage\"},\"thumbnailUrl\":\"https:\\\/\\\/mondesirdailleurs.fr\\\/wp-content\\\/uploads\\\/2024\\\/11\\\/IMG_0217.jpg\",\"datePublished\":\"2024-11-14T15:48:57+00:00\",\"dateModified\":\"2025-01-16T16:08:35+00:00\",\"author\":{\"@id\":\"https:\\\/\\\/mondesirdailleurs.fr\\\/#\\\/schema\\\/person\\\/7868c9f09d51f9aa4d95a369a07e54cd\"},\"description\":\"Au del\u00e0 de la d\u00e9couverte des paysages et des cultures, j\u2019ai toujours pris beaucoup de plaisir \u00e0 organiser, planifier et personnaliser mes propres aventures.\",\"breadcrumb\":{\"@id\":\"https:\\\/\\\/mondesirdailleurs.fr\\\/entre-passion-et-profession\\\/#breadcrumb\"},\"inLanguage\":\"en-US\",\"potentialAction\":[{\"@type\":\"ReadAction\",\"target\":[\"https:\\\/\\\/mondesirdailleurs.fr\\\/entre-passion-et-profession\\\/\"]}]},{\"@type\":\"ImageObject\",\"inLanguage\":\"en-US\",\"@id\":\"https:\\\/\\\/mondesirdailleurs.fr\\\/entre-passion-et-profession\\\/#primaryimage\",\"url\":\"https:\\\/\\\/mondesirdailleurs.fr\\\/wp-content\\\/uploads\\\/2024\\\/11\\\/IMG_0217.jpg\",\"contentUrl\":\"https:\\\/\\\/mondesirdailleurs.fr\\\/wp-content\\\/uploads\\\/2024\\\/11\\\/IMG_0217.jpg\",\"width\":1286,\"height\":857,\"caption\":\"LES DOLOMITES\"},{\"@type\":\"BreadcrumbList\",\"@id\":\"https:\\\/\\\/mondesirdailleurs.fr\\\/entre-passion-et-profession\\\/#breadcrumb\",\"itemListElement\":[{\"@type\":\"ListItem\",\"position\":1,\"name\":\"Accueil\",\"item\":\"https:\\\/\\\/mondesirdailleurs.fr\\\/\"},{\"@type\":\"ListItem\",\"position\":2,\"name\":\"ENTRE PASSION ET PROFESSION\"}]},{\"@type\":\"WebSite\",\"@id\":\"https:\\\/\\\/mondesirdailleurs.fr\\\/#website\",\"url\":\"https:\\\/\\\/mondesirdailleurs.fr\\\/\",\"name\":\"mon d\u00e9sir d&#039;ailleurs\",\"description\":\"mon d\u00e9sir d&#039;ailleurs\",\"potentialAction\":[{\"@type\":\"SearchAction\",\"target\":{\"@type\":\"EntryPoint\",\"urlTemplate\":\"https:\\\/\\\/mondesirdailleurs.fr\\\/?s={search_term_string}\"},\"query-input\":{\"@type\":\"PropertyValueSpecification\",\"valueRequired\":true,\"valueName\":\"search_term_string\"}}],\"inLanguage\":\"en-US\"},{\"@type\":\"Person\",\"@id\":\"https:\\\/\\\/mondesirdailleurs.fr\\\/#\\\/schema\\\/person\\\/7868c9f09d51f9aa4d95a369a07e54cd\",\"name\":\"Nathalie\",\"image\":{\"@type\":\"ImageObject\",\"inLanguage\":\"en-US\",\"@id\":\"https:\\\/\\\/secure.gravatar.com\\\/avatar\\\/a7971071d0b88dfef55f49251cbeb57554d281211d81dbe941c5952677d57af2?s=96&d=mm&r=g\",\"url\":\"https:\\\/\\\/secure.gravatar.com\\\/avatar\\\/a7971071d0b88dfef55f49251cbeb57554d281211d81dbe941c5952677d57af2?s=96&d=mm&r=g\",\"contentUrl\":\"https:\\\/\\\/secure.gravatar.com\\\/avatar\\\/a7971071d0b88dfef55f49251cbeb57554d281211d81dbe941c5952677d57af2?s=96&d=mm&r=g\",\"caption\":\"Nathalie\"},\"url\":\"https:\\\/\\\/mondesirdailleurs.fr\\\/en\\\/author\\\/nathalie\\\/\"}]}<\/script>\n<!-- \/ Yoast SEO plugin. -->","yoast_head_json":{"title":"ENTRE PASSION ET PROFESSION - mon d\u00e9sir d&#039;ailleurs","description":"Au del\u00e0 de la d\u00e9couverte des paysages et des cultures, j\u2019ai toujours pris beaucoup de plaisir \u00e0 organiser, planifier et personnaliser mes propres aventures.","robots":{"index":"index","follow":"follow","max-snippet":"max-snippet:-1","max-image-preview":"max-image-preview:large","max-video-preview":"max-video-preview:-1"},"canonical":"https:\/\/mondesirdailleurs.fr\/en\/entre-passion-et-profession\/","og_locale":"en_US","og_type":"article","og_title":"ENTRE PASSION ET PROFESSION - mon d\u00e9sir d&#039;ailleurs","og_description":"Au del\u00e0 de la d\u00e9couverte des paysages et des cultures, j\u2019ai toujours pris beaucoup de plaisir \u00e0 organiser, planifier et personnaliser mes propres aventures.","og_url":"https:\/\/mondesirdailleurs.fr\/en\/entre-passion-et-profession\/","og_site_name":"mon d\u00e9sir d&#039;ailleurs","article_published_time":"2024-11-14T15:48:57+00:00","article_modified_time":"2025-01-16T16:08:35+00:00","og_image":[{"width":1286,"height":857,"url":"https:\/\/mondesirdailleurs.fr\/wp-content\/uploads\/2024\/11\/IMG_0217.jpg","type":"image\/jpeg"}],"author":"Nathalie","twitter_card":"summary_large_image","twitter_misc":{"Written by":"Nathalie","Est. reading time":"4 minutes"},"schema":{"@context":"https:\/\/schema.org","@graph":[{"@type":"Article","@id":"https:\/\/mondesirdailleurs.fr\/entre-passion-et-profession\/#article","isPartOf":{"@id":"https:\/\/mondesirdailleurs.fr\/entre-passion-et-profession\/"},"author":{"name":"Nathalie","@id":"https:\/\/mondesirdailleurs.fr\/#\/schema\/person\/7868c9f09d51f9aa4d95a369a07e54cd"},"headline":"ENTRE PASSION ET PROFESSION","datePublished":"2024-11-14T15:48:57+00:00","dateModified":"2025-01-16T16:08:35+00:00","mainEntityOfPage":{"@id":"https:\/\/mondesirdailleurs.fr\/entre-passion-et-profession\/"},"wordCount":1038,"image":{"@id":"https:\/\/mondesirdailleurs.fr\/entre-passion-et-profession\/#primaryimage"},"thumbnailUrl":"https:\/\/mondesirdailleurs.fr\/wp-content\/uploads\/2024\/11\/IMG_0217.jpg","articleSection":["ACTUALIT\u00c9S"],"inLanguage":"en-US"},{"@type":"WebPage","@id":"https:\/\/mondesirdailleurs.fr\/entre-passion-et-profession\/","url":"https:\/\/mondesirdailleurs.fr\/entre-passion-et-profession\/","name":"ENTRE PASSION ET PROFESSION - mon d\u00e9sir d&#039;ailleurs","isPartOf":{"@id":"https:\/\/mondesirdailleurs.fr\/#website"},"primaryImageOfPage":{"@id":"https:\/\/mondesirdailleurs.fr\/entre-passion-et-profession\/#primaryimage"},"image":{"@id":"https:\/\/mondesirdailleurs.fr\/entre-passion-et-profession\/#primaryimage"},"thumbnailUrl":"https:\/\/mondesirdailleurs.fr\/wp-content\/uploads\/2024\/11\/IMG_0217.jpg","datePublished":"2024-11-14T15:48:57+00:00","dateModified":"2025-01-16T16:08:35+00:00","author":{"@id":"https:\/\/mondesirdailleurs.fr\/#\/schema\/person\/7868c9f09d51f9aa4d95a369a07e54cd"},"description":"Au del\u00e0 de la d\u00e9couverte des paysages et des cultures, j\u2019ai toujours pris beaucoup de plaisir \u00e0 organiser, planifier et personnaliser mes propres aventures.","breadcrumb":{"@id":"https:\/\/mondesirdailleurs.fr\/entre-passion-et-profession\/#breadcrumb"},"inLanguage":"en-US","potentialAction":[{"@type":"ReadAction","target":["https:\/\/mondesirdailleurs.fr\/entre-passion-et-profession\/"]}]},{"@type":"ImageObject","inLanguage":"en-US","@id":"https:\/\/mondesirdailleurs.fr\/entre-passion-et-profession\/#primaryimage","url":"https:\/\/mondesirdailleurs.fr\/wp-content\/uploads\/2024\/11\/IMG_0217.jpg","contentUrl":"https:\/\/mondesirdailleurs.fr\/wp-content\/uploads\/2024\/11\/IMG_0217.jpg","width":1286,"height":857,"caption":"LES DOLOMITES"},{"@type":"BreadcrumbList","@id":"https:\/\/mondesirdailleurs.fr\/entre-passion-et-profession\/#breadcrumb","itemListElement":[{"@type":"ListItem","position":1,"name":"Accueil","item":"https:\/\/mondesirdailleurs.fr\/"},{"@type":"ListItem","position":2,"name":"ENTRE PASSION ET PROFESSION"}]},{"@type":"WebSite","@id":"https:\/\/mondesirdailleurs.fr\/#website","url":"https:\/\/mondesirdailleurs.fr\/","name":"mon d\u00e9sir d&#039;ailleurs","description":"mon d\u00e9sir d&#039;ailleurs","potentialAction":[{"@type":"SearchAction","target":{"@type":"EntryPoint","urlTemplate":"https:\/\/mondesirdailleurs.fr\/?s={search_term_string}"},"query-input":{"@type":"PropertyValueSpecification","valueRequired":true,"valueName":"search_term_string"}}],"inLanguage":"en-US"},{"@type":"Person","@id":"https:\/\/mondesirdailleurs.fr\/#\/schema\/person\/7868c9f09d51f9aa4d95a369a07e54cd","name":"Nathalie","image":{"@type":"ImageObject","inLanguage":"en-US","@id":"https:\/\/secure.gravatar.com\/avatar\/a7971071d0b88dfef55f49251cbeb57554d281211d81dbe941c5952677d57af2?s=96&d=mm&r=g","url":"https:\/\/secure.gravatar.com\/avatar\/a7971071d0b88dfef55f49251cbeb57554d281211d81dbe941c5952677d57af2?s=96&d=mm&r=g","contentUrl":"https:\/\/secure.gravatar.com\/avatar\/a7971071d0b88dfef55f49251cbeb57554d281211d81dbe941c5952677d57af2?s=96&d=mm&r=g","caption":"Nathalie"},"url":"https:\/\/mondesirdailleurs.fr\/en\/author\/nathalie\/"}]}},"_links":{"self":[{"href":"https:\/\/mondesirdailleurs.fr\/en\/wp-json\/wp\/v2\/posts\/389","targetHints":{"allow":["GET"]}}],"collection":[{"href":"https:\/\/mondesirdailleurs.fr\/en\/wp-json\/wp\/v2\/posts"}],"about":[{"href":"https:\/\/mondesirdailleurs.fr\/en\/wp-json\/wp\/v2\/types\/post"}],"author":[{"embeddable":true,"href":"https:\/\/mondesirdailleurs.fr\/en\/wp-json\/wp\/v2\/users\/3"}],"replies":[{"embeddable":true,"href":"https:\/\/mondesirdailleurs.fr\/en\/wp-json\/wp\/v2\/comments?post=389"}],"version-history":[{"count":5,"href":"https:\/\/mondesirdailleurs.fr\/en\/wp-json\/wp\/v2\/posts\/389\/revisions"}],"predecessor-version":[{"id":786,"href":"https:\/\/mondesirdailleurs.fr\/en\/wp-json\/wp\/v2\/posts\/389\/revisions\/786"}],"wp:featuredmedia":[{"embeddable":true,"href":"https:\/\/mondesirdailleurs.fr\/en\/wp-json\/wp\/v2\/media\/219"}],"wp:attachment":[{"href":"https:\/\/mondesirdailleurs.fr\/en\/wp-json\/wp\/v2\/media?parent=389"}],"wp:term":[{"taxonomy":"category","embeddable":true,"href":"https:\/\/mondesirdailleurs.fr\/en\/wp-json\/wp\/v2\/categories?post=389"},{"taxonomy":"post_tag","embeddable":true,"href":"https:\/\/mondesirdailleurs.fr\/en\/wp-json\/wp\/v2\/tags?post=389"}],"curies":[{"name":"wp","href":"https:\/\/api.w.org\/{rel}","templated":true}]}}