{"id":791,"date":"2025-01-24T10:18:49","date_gmt":"2025-01-24T10:18:49","guid":{"rendered":"https:\/\/mondesirdailleurs.fr\/?p=791"},"modified":"2025-01-24T18:50:12","modified_gmt":"2025-01-24T18:50:12","slug":"trail-adventure-days-2025","status":"publish","type":"post","link":"https:\/\/mondesirdailleurs.fr\/en\/trail-adventure-days-2025\/","title":{"rendered":"10TH ANNIVERSARY OF TRAIL ADVENTURE DAYS!"},"content":{"rendered":"<div id=\"fws_69f1eb4f7fdcf\"  data-column-margin=\"default\" data-midnight=\"dark\"  class=\"wpb_row vc_row-fluid vc_row\"  style=\"padding-top: 0px; padding-bottom: 0px; \"><div class=\"row-bg-wrap\" data-bg-animation=\"none\" data-bg-animation-delay=\"\" data-bg-overlay=\"false\"><div class=\"inner-wrap row-bg-layer\" ><div class=\"row-bg viewport-desktop\"  style=\"\"><\/div><\/div><\/div><div class=\"row_col_wrap_12 col span_12 dark left\">\n\t<div  class=\"vc_col-sm-12 wpb_column column_container vc_column_container col no-extra-padding inherit_tablet inherit_phone\"  data-padding-pos=\"all\" data-has-bg-color=\"false\" data-bg-color=\"\" data-bg-opacity=\"1\" data-animation=\"\" data-delay=\"0\" >\n\t\t<div class=\"vc_column-inner\" >\n\t\t\t<div class=\"wpb_wrapper\">\n\t\t\t\t\n<div class=\"wpb_text_column wpb_content_element\" >\n\t<div class=\"wpb_wrapper\">\n\t\t<p>Fellow bikers and passionate about trail motorcycles, I have great news to share! \ud83c\udf89This year, I am deligthed to participate to the <strong>10th anniversary of Trail Adventure Days<\/strong>an unmissable event organized by the <a href=\"https:\/\/www.trailadventuremag.fr\/trail-adventure-days-2025\/\"><strong>Trail Adventure magazine<\/strong><\/a>. It will be held in an exceptional setting, perfect for sharing our passion for travel and motorcycle adventure.<\/p>\n<p>\ud83d\udccd <strong>Dates et lieu :<\/strong><br \/>Retrouvez-moi sur mon stand tout au long de l\u2019\u00e9v\u00e9nement, o\u00f9 je vous r\u00e9serve de belles surprises\u202f! Vous pourrez d\u00e9couvrir mes services de <strong>travel planner pour motards<\/strong>, ainsi que mes <strong>roadbooks sur mesure<\/strong> adapt\u00e9s \u00e0 vos envies d\u2019\u00e9vasion sur deux roues. Je serai l\u00e0 pour \u00e9changer avec vous sur vos projets de voyage, vous conseiller et vous accompagner dans vos futures aventures.<\/p>\n<p><\/p>\n<h3 class=\"wp-block-heading\"><strong>Pourquoi venir ?<\/strong><\/h3>\n<p>Le Trail Adventure Days, c\u2019est\u202f:<br \/>\u2714\ufe0f <strong>balades et randos exceptionnelles en trail<\/strong> sur des parcours con\u00e7us pour tous les niveaux, du d\u00e9butant au confirm\u00e9.<br \/>\u2714\ufe0f Des ateliers, des rencontres et une ambiance conviviale, o\u00f9 le partage et la passion sont au rendez-vous.<br \/>\u2714\ufe0f La possibilit\u00e9 de tester les derniers mod\u00e8les de motos trail des marques les plus renomm\u00e9es.<br \/>\u2714\ufe0f Et bien s\u00fbr, des stands pour d\u00e9couvrir tout ce qui touche au monde de l\u2019aventure \u00e0 moto\u202f: \u00e9quipements, accessoires, destinations et bien plus encore\u202f!<\/p>\n<p><\/p>\n<h3 class=\"wp-block-heading\"><strong>Un rendez-vous personnalis\u00e9 avec \u00ab\u00a0Mon D\u00e9sir d\u2019Ailleurs\u00a0\u00bb<\/strong><\/h3>\n<p>Sur mon stand, vous pourrez\u202f:<\/p>\n<p><\/p>\n<ul class=\"wp-block-list\">\n<li style=\"list-style-type: none;\">\n<ul class=\"wp-block-list\">\n<li style=\"list-style-type: none;\">\n<ul class=\"wp-block-list\">\n<li>D\u00e9couvrir des itin\u00e9raires pour <strong>voyager en moto \u00e0 travers l\u2019Europe<\/strong> et au-del\u00e0.<\/li>\n<\/ul>\n<\/li>\n<\/ul>\n<p><\/p>\n<ul class=\"wp-block-list\">\n<li style=\"list-style-type: none;\">\n<ul class=\"wp-block-list\">\n<li>Explorer mes services d&rsquo;organisation de voyage 100% sur mesure<\/li>\n<\/ul>\n<\/li>\n<\/ul>\n<p><\/p>\n<ul class=\"wp-block-list\">\n<li style=\"list-style-type: none;\">\n<ul class=\"wp-block-list\">\n<li>\u00c9changer autour de vos envies d\u2019\u00e9vasion, que ce soit pour un week-end ou une aventure de plusieurs semaines.<\/li>\n<\/ul>\n<\/li>\n<\/ul>\n<p><\/p>\n<ul class=\"wp-block-list\">\n<li>D\u00e9couvrir mes propositions de voyages de r\u00eaves, parfois joueurs, parfois insolites \ud83c\udfcd\ufe0f<\/li>\n<\/ul>\n<\/li>\n<\/ul>\n<h3 class=\"wp-block-heading\"><strong>On se retrouve au salon ?<\/strong><\/h3>\n<p>Je suis impatiente de vous rencontrer et de partager avec vous cette \u00e9dition exceptionnelle. Que vous soyez l\u00e0 pour rouler, d\u00e9couvrir de nouvelles id\u00e9es de voyage ou simplement pour profiter de l\u2019ambiance unique de cet \u00e9v\u00e9nement, <strong>c\u2019est un rendez-vous \u00e0 ne pas manquer\u202f!<\/strong><\/p>\n<p>\ud83d\udcc5 <strong>R\u00e9servez vos dates et pr\u00e9parez-vous pour une aventure inoubliable aux 10 ans du <a href=\"https:\/\/www.trailadventuremag.fr\/trail-adventure-days-2025\/\">Trail Adventure Days 2025\u202f!<\/a><\/strong><\/p>\n<p>\u00a0<\/p>\n\t<\/div>\n<\/div>\n\n\n\n\n\t\t\t<\/div> \n\t\t<\/div>\n\t<\/div> \n<\/div><\/div>\n\t\t<div id=\"fws_69f1eb4f80585\"  data-column-margin=\"default\" data-midnight=\"dark\"  class=\"wpb_row vc_row-fluid vc_row\"  style=\"padding-top: 0px; padding-bottom: 0px; \"><div class=\"row-bg-wrap\" data-bg-animation=\"none\" data-bg-animation-delay=\"\" data-bg-overlay=\"false\"><div class=\"inner-wrap row-bg-layer\" ><div class=\"row-bg viewport-desktop\"  style=\"\"><\/div><\/div><\/div><div class=\"row_col_wrap_12 col span_12 dark left\">\n\t<div  class=\"vc_col-sm-12 wpb_column column_container vc_column_container col no-extra-padding inherit_tablet inherit_phone\"  data-padding-pos=\"all\" data-has-bg-color=\"false\" data-bg-color=\"\" data-bg-opacity=\"1\" data-animation=\"\" data-delay=\"0\" >\n\t\t<div class=\"vc_column-inner\" >\n\t\t\t<div class=\"wpb_wrapper\">\n\t\t\t\t<a class=\"nectar-button jumbo regular accent-color  regular-button\"  role=\"button\" style=\"margin-left: 100px;\"  href=\"https:\/\/mondesirdailleurs.fr\/en\/contact\/\" data-color-override=\"false\" data-hover-color-override=\"false\" data-hover-text-color-override=\"#fff\"><span>Besoin de road book pour venir ?<\/span><\/a><a class=\"nectar-button jumbo regular accent-color  regular-button\"  role=\"button\" style=\"margin-left: 20px;\"  href=\"https:\/\/my.weezevent.com\/trail-adventure-days-25\" data-color-override=\"false\" data-hover-color-override=\"false\" data-hover-text-color-override=\"#fff\"><span>Pour vous inscrire au salon c'est ici !<\/span><\/a>\n\t\t\t<\/div> \n\t\t<\/div>\n\t<\/div> \n<\/div><\/div>\n\t\t<div id=\"fws_69f1eb4f808ba\"  data-column-margin=\"default\" data-midnight=\"dark\"  class=\"wpb_row vc_row-fluid vc_row\"  style=\"padding-top: 0px; padding-bottom: 0px; \"><div class=\"row-bg-wrap\" data-bg-animation=\"none\" data-bg-animation-delay=\"\" data-bg-overlay=\"false\"><div class=\"inner-wrap row-bg-layer\" ><div class=\"row-bg viewport-desktop\"  style=\"\"><\/div><\/div><\/div><div class=\"row_col_wrap_12 col span_12 dark left\">\n\t<div  class=\"vc_col-sm-12 wpb_column column_container vc_column_container col no-extra-padding inherit_tablet inherit_phone\"  data-padding-pos=\"all\" data-has-bg-color=\"false\" data-bg-color=\"\" data-bg-opacity=\"1\" data-animation=\"\" data-delay=\"0\" >\n\t\t<div class=\"vc_column-inner\" >\n\t\t\t<div class=\"wpb_wrapper\">\n\t\t\t\t<div class=\"img-with-aniamtion-wrap center custom-size\" data-max-width=\"100%\" data-max-width-mobile=\"default\" data-shadow=\"none\" data-animation=\"none\" >\n      <div class=\"inner\">\n        <div class=\"hover-wrap\"> \n          <div class=\"hover-wrap-inner\">\n            <img loading=\"lazy\" decoding=\"async\" class=\"img-with-animation skip-lazy\" data-delay=\"0\" height=\"427\" width=\"640\" data-animation=\"none\" src=\"https:\/\/mondesirdailleurs.fr\/wp-content\/uploads\/2025\/01\/volcanoes-2609601_640.jpg\" alt=\"VOLCAN D&#039;AUVERGNE\" srcset=\"https:\/\/mondesirdailleurs.fr\/wp-content\/uploads\/2025\/01\/volcanoes-2609601_640.jpg 640w, https:\/\/mondesirdailleurs.fr\/wp-content\/uploads\/2025\/01\/volcanoes-2609601_640-300x200.jpg 300w\" sizes=\"auto, (max-width: 640px) 100vw, 640px\" \/>\n          <\/div>\n        <\/div>\n      <\/div>\n    <\/div>\n\t\t\t<\/div> \n\t\t<\/div>\n\t<\/div> \n<\/div><\/div>","protected":false},"excerpt":{"rendered":"Amis motards et passionn\u00e9s de trail, j\u2019ai une grande nouvelle \u00e0 vous partager\u202f! \ud83c\udf89 Cette ann\u00e9e, je suis ravie de participer aux 10 ans du Trail Adventure Days, un \u00e9v\u00e9nement...","protected":false},"author":3,"featured_media":800,"comment_status":"closed","ping_status":"open","sticky":false,"template":"","format":"standard","meta":{"_joinchat":[],"footnotes":""},"categories":[9],"tags":[],"class_list":["post-791","post","type-post","status-publish","format-standard","has-post-thumbnail","category-actualites"],"yoast_head":"<!-- This site is optimized with the Yoast SEO plugin v27.4 - https:\/\/yoast.com\/product\/yoast-seo-wordpress\/ -->\n<title>10 ANS DU TRAIL ADVENTURE DAYS 2025 ! - mon d\u00e9sir d&#039;ailleurs<\/title>\n<meta name=\"description\" content=\"Participez aux 10 ans du Trail Adventure Days 2025 : balades, randos exceptionnelles, tests de motos, ateliers pratiques et stands d\u00e9di\u00e9s\u202f!\" \/>\n<meta name=\"robots\" content=\"index, follow, max-snippet:-1, max-image-preview:large, max-video-preview:-1\" \/>\n<link rel=\"canonical\" href=\"https:\/\/mondesirdailleurs.fr\/en\/trail-adventure-days-2025\/\" \/>\n<meta property=\"og:locale\" content=\"en_US\" \/>\n<meta property=\"og:type\" content=\"article\" \/>\n<meta property=\"og:title\" content=\"10 ANS DU TRAIL ADVENTURE DAYS 2025 ! - mon d\u00e9sir d&#039;ailleurs\" \/>\n<meta property=\"og:description\" content=\"Participez aux 10 ans du Trail Adventure Days 2025 : balades, randos exceptionnelles, tests de motos, ateliers pratiques et stands d\u00e9di\u00e9s\u202f!\" \/>\n<meta property=\"og:url\" content=\"https:\/\/mondesirdailleurs.fr\/en\/trail-adventure-days-2025\/\" \/>\n<meta property=\"og:site_name\" content=\"mon d\u00e9sir d&#039;ailleurs\" \/>\n<meta property=\"article:published_time\" content=\"2025-01-24T10:18:49+00:00\" \/>\n<meta property=\"article:modified_time\" content=\"2025-01-24T18:50:12+00:00\" \/>\n<meta property=\"og:image\" content=\"https:\/\/mondesirdailleurs.fr\/wp-content\/uploads\/2025\/01\/Sans-titre-2200-x-1414-px1.jpg\" \/>\n\t<meta property=\"og:image:width\" content=\"2200\" \/>\n\t<meta property=\"og:image:height\" content=\"1414\" \/>\n\t<meta property=\"og:image:type\" content=\"image\/jpeg\" \/>\n<meta name=\"author\" content=\"Nathalie\" \/>\n<meta name=\"twitter:card\" content=\"summary_large_image\" \/>\n<meta name=\"twitter:label1\" content=\"Written by\" \/>\n\t<meta name=\"twitter:data1\" content=\"Nathalie\" \/>\n\t<meta name=\"twitter:label2\" content=\"Est. reading time\" \/>\n\t<meta name=\"twitter:data2\" content=\"3 minutes\" \/>\n<script type=\"application\/ld+json\" class=\"yoast-schema-graph\">{\"@context\":\"https:\\\/\\\/schema.org\",\"@graph\":[{\"@type\":\"Article\",\"@id\":\"https:\\\/\\\/mondesirdailleurs.fr\\\/trail-adventure-days-2025\\\/#article\",\"isPartOf\":{\"@id\":\"https:\\\/\\\/mondesirdailleurs.fr\\\/trail-adventure-days-2025\\\/\"},\"author\":{\"name\":\"Nathalie\",\"@id\":\"https:\\\/\\\/mondesirdailleurs.fr\\\/#\\\/schema\\\/person\\\/7868c9f09d51f9aa4d95a369a07e54cd\"},\"headline\":\"10 ANS DU TRAIL ADVENTURE DAYS 2025 !\",\"datePublished\":\"2025-01-24T10:18:49+00:00\",\"dateModified\":\"2025-01-24T18:50:12+00:00\",\"mainEntityOfPage\":{\"@id\":\"https:\\\/\\\/mondesirdailleurs.fr\\\/trail-adventure-days-2025\\\/\"},\"wordCount\":932,\"image\":{\"@id\":\"https:\\\/\\\/mondesirdailleurs.fr\\\/trail-adventure-days-2025\\\/#primaryimage\"},\"thumbnailUrl\":\"https:\\\/\\\/mondesirdailleurs.fr\\\/wp-content\\\/uploads\\\/2025\\\/01\\\/Sans-titre-2200-x-1414-px1.jpg\",\"articleSection\":[\"ACTUALIT\u00c9S\"],\"inLanguage\":\"en-US\"},{\"@type\":\"WebPage\",\"@id\":\"https:\\\/\\\/mondesirdailleurs.fr\\\/trail-adventure-days-2025\\\/\",\"url\":\"https:\\\/\\\/mondesirdailleurs.fr\\\/trail-adventure-days-2025\\\/\",\"name\":\"10 ANS DU TRAIL ADVENTURE DAYS 2025 ! - mon d\u00e9sir d&#039;ailleurs\",\"isPartOf\":{\"@id\":\"https:\\\/\\\/mondesirdailleurs.fr\\\/#website\"},\"primaryImageOfPage\":{\"@id\":\"https:\\\/\\\/mondesirdailleurs.fr\\\/trail-adventure-days-2025\\\/#primaryimage\"},\"image\":{\"@id\":\"https:\\\/\\\/mondesirdailleurs.fr\\\/trail-adventure-days-2025\\\/#primaryimage\"},\"thumbnailUrl\":\"https:\\\/\\\/mondesirdailleurs.fr\\\/wp-content\\\/uploads\\\/2025\\\/01\\\/Sans-titre-2200-x-1414-px1.jpg\",\"datePublished\":\"2025-01-24T10:18:49+00:00\",\"dateModified\":\"2025-01-24T18:50:12+00:00\",\"author\":{\"@id\":\"https:\\\/\\\/mondesirdailleurs.fr\\\/#\\\/schema\\\/person\\\/7868c9f09d51f9aa4d95a369a07e54cd\"},\"description\":\"Participez aux 10 ans du Trail Adventure Days 2025 : balades, randos exceptionnelles, tests de motos, ateliers pratiques et stands d\u00e9di\u00e9s\u202f!\",\"breadcrumb\":{\"@id\":\"https:\\\/\\\/mondesirdailleurs.fr\\\/trail-adventure-days-2025\\\/#breadcrumb\"},\"inLanguage\":\"en-US\",\"potentialAction\":[{\"@type\":\"ReadAction\",\"target\":[\"https:\\\/\\\/mondesirdailleurs.fr\\\/trail-adventure-days-2025\\\/\"]}]},{\"@type\":\"ImageObject\",\"inLanguage\":\"en-US\",\"@id\":\"https:\\\/\\\/mondesirdailleurs.fr\\\/trail-adventure-days-2025\\\/#primaryimage\",\"url\":\"https:\\\/\\\/mondesirdailleurs.fr\\\/wp-content\\\/uploads\\\/2025\\\/01\\\/Sans-titre-2200-x-1414-px1.jpg\",\"contentUrl\":\"https:\\\/\\\/mondesirdailleurs.fr\\\/wp-content\\\/uploads\\\/2025\\\/01\\\/Sans-titre-2200-x-1414-px1.jpg\",\"width\":2200,\"height\":1414,\"caption\":\"trail adventure\"},{\"@type\":\"BreadcrumbList\",\"@id\":\"https:\\\/\\\/mondesirdailleurs.fr\\\/trail-adventure-days-2025\\\/#breadcrumb\",\"itemListElement\":[{\"@type\":\"ListItem\",\"position\":1,\"name\":\"Accueil\",\"item\":\"https:\\\/\\\/mondesirdailleurs.fr\\\/\"},{\"@type\":\"ListItem\",\"position\":2,\"name\":\"10 ANS DU TRAIL ADVENTURE DAYS 2025 !\"}]},{\"@type\":\"WebSite\",\"@id\":\"https:\\\/\\\/mondesirdailleurs.fr\\\/#website\",\"url\":\"https:\\\/\\\/mondesirdailleurs.fr\\\/\",\"name\":\"mon d\u00e9sir d&#039;ailleurs\",\"description\":\"mon d\u00e9sir d&#039;ailleurs\",\"potentialAction\":[{\"@type\":\"SearchAction\",\"target\":{\"@type\":\"EntryPoint\",\"urlTemplate\":\"https:\\\/\\\/mondesirdailleurs.fr\\\/?s={search_term_string}\"},\"query-input\":{\"@type\":\"PropertyValueSpecification\",\"valueRequired\":true,\"valueName\":\"search_term_string\"}}],\"inLanguage\":\"en-US\"},{\"@type\":\"Person\",\"@id\":\"https:\\\/\\\/mondesirdailleurs.fr\\\/#\\\/schema\\\/person\\\/7868c9f09d51f9aa4d95a369a07e54cd\",\"name\":\"Nathalie\",\"image\":{\"@type\":\"ImageObject\",\"inLanguage\":\"en-US\",\"@id\":\"https:\\\/\\\/secure.gravatar.com\\\/avatar\\\/a7971071d0b88dfef55f49251cbeb57554d281211d81dbe941c5952677d57af2?s=96&d=mm&r=g\",\"url\":\"https:\\\/\\\/secure.gravatar.com\\\/avatar\\\/a7971071d0b88dfef55f49251cbeb57554d281211d81dbe941c5952677d57af2?s=96&d=mm&r=g\",\"contentUrl\":\"https:\\\/\\\/secure.gravatar.com\\\/avatar\\\/a7971071d0b88dfef55f49251cbeb57554d281211d81dbe941c5952677d57af2?s=96&d=mm&r=g\",\"caption\":\"Nathalie\"},\"url\":\"https:\\\/\\\/mondesirdailleurs.fr\\\/en\\\/author\\\/nathalie\\\/\"}]}<\/script>\n<!-- \/ Yoast SEO plugin. -->","yoast_head_json":{"title":"10 ANS DU TRAIL ADVENTURE DAYS 2025 ! - mon d\u00e9sir d&#039;ailleurs","description":"Participez aux 10 ans du Trail Adventure Days 2025 : balades, randos exceptionnelles, tests de motos, ateliers pratiques et stands d\u00e9di\u00e9s\u202f!","robots":{"index":"index","follow":"follow","max-snippet":"max-snippet:-1","max-image-preview":"max-image-preview:large","max-video-preview":"max-video-preview:-1"},"canonical":"https:\/\/mondesirdailleurs.fr\/en\/trail-adventure-days-2025\/","og_locale":"en_US","og_type":"article","og_title":"10 ANS DU TRAIL ADVENTURE DAYS 2025 ! - mon d\u00e9sir d&#039;ailleurs","og_description":"Participez aux 10 ans du Trail Adventure Days 2025 : balades, randos exceptionnelles, tests de motos, ateliers pratiques et stands d\u00e9di\u00e9s\u202f!","og_url":"https:\/\/mondesirdailleurs.fr\/en\/trail-adventure-days-2025\/","og_site_name":"mon d\u00e9sir d&#039;ailleurs","article_published_time":"2025-01-24T10:18:49+00:00","article_modified_time":"2025-01-24T18:50:12+00:00","og_image":[{"width":2200,"height":1414,"url":"https:\/\/mondesirdailleurs.fr\/wp-content\/uploads\/2025\/01\/Sans-titre-2200-x-1414-px1.jpg","type":"image\/jpeg"}],"author":"Nathalie","twitter_card":"summary_large_image","twitter_misc":{"Written by":"Nathalie","Est. reading time":"3 minutes"},"schema":{"@context":"https:\/\/schema.org","@graph":[{"@type":"Article","@id":"https:\/\/mondesirdailleurs.fr\/trail-adventure-days-2025\/#article","isPartOf":{"@id":"https:\/\/mondesirdailleurs.fr\/trail-adventure-days-2025\/"},"author":{"name":"Nathalie","@id":"https:\/\/mondesirdailleurs.fr\/#\/schema\/person\/7868c9f09d51f9aa4d95a369a07e54cd"},"headline":"10 ANS DU TRAIL ADVENTURE DAYS 2025 !","datePublished":"2025-01-24T10:18:49+00:00","dateModified":"2025-01-24T18:50:12+00:00","mainEntityOfPage":{"@id":"https:\/\/mondesirdailleurs.fr\/trail-adventure-days-2025\/"},"wordCount":932,"image":{"@id":"https:\/\/mondesirdailleurs.fr\/trail-adventure-days-2025\/#primaryimage"},"thumbnailUrl":"https:\/\/mondesirdailleurs.fr\/wp-content\/uploads\/2025\/01\/Sans-titre-2200-x-1414-px1.jpg","articleSection":["ACTUALIT\u00c9S"],"inLanguage":"en-US"},{"@type":"WebPage","@id":"https:\/\/mondesirdailleurs.fr\/trail-adventure-days-2025\/","url":"https:\/\/mondesirdailleurs.fr\/trail-adventure-days-2025\/","name":"10 ANS DU TRAIL ADVENTURE DAYS 2025 ! - mon d\u00e9sir d&#039;ailleurs","isPartOf":{"@id":"https:\/\/mondesirdailleurs.fr\/#website"},"primaryImageOfPage":{"@id":"https:\/\/mondesirdailleurs.fr\/trail-adventure-days-2025\/#primaryimage"},"image":{"@id":"https:\/\/mondesirdailleurs.fr\/trail-adventure-days-2025\/#primaryimage"},"thumbnailUrl":"https:\/\/mondesirdailleurs.fr\/wp-content\/uploads\/2025\/01\/Sans-titre-2200-x-1414-px1.jpg","datePublished":"2025-01-24T10:18:49+00:00","dateModified":"2025-01-24T18:50:12+00:00","author":{"@id":"https:\/\/mondesirdailleurs.fr\/#\/schema\/person\/7868c9f09d51f9aa4d95a369a07e54cd"},"description":"Participez aux 10 ans du Trail Adventure Days 2025 : balades, randos exceptionnelles, tests de motos, ateliers pratiques et stands d\u00e9di\u00e9s\u202f!","breadcrumb":{"@id":"https:\/\/mondesirdailleurs.fr\/trail-adventure-days-2025\/#breadcrumb"},"inLanguage":"en-US","potentialAction":[{"@type":"ReadAction","target":["https:\/\/mondesirdailleurs.fr\/trail-adventure-days-2025\/"]}]},{"@type":"ImageObject","inLanguage":"en-US","@id":"https:\/\/mondesirdailleurs.fr\/trail-adventure-days-2025\/#primaryimage","url":"https:\/\/mondesirdailleurs.fr\/wp-content\/uploads\/2025\/01\/Sans-titre-2200-x-1414-px1.jpg","contentUrl":"https:\/\/mondesirdailleurs.fr\/wp-content\/uploads\/2025\/01\/Sans-titre-2200-x-1414-px1.jpg","width":2200,"height":1414,"caption":"trail adventure"},{"@type":"BreadcrumbList","@id":"https:\/\/mondesirdailleurs.fr\/trail-adventure-days-2025\/#breadcrumb","itemListElement":[{"@type":"ListItem","position":1,"name":"Accueil","item":"https:\/\/mondesirdailleurs.fr\/"},{"@type":"ListItem","position":2,"name":"10 ANS DU TRAIL ADVENTURE DAYS 2025 !"}]},{"@type":"WebSite","@id":"https:\/\/mondesirdailleurs.fr\/#website","url":"https:\/\/mondesirdailleurs.fr\/","name":"mon d\u00e9sir d&#039;ailleurs","description":"mon d\u00e9sir d&#039;ailleurs","potentialAction":[{"@type":"SearchAction","target":{"@type":"EntryPoint","urlTemplate":"https:\/\/mondesirdailleurs.fr\/?s={search_term_string}"},"query-input":{"@type":"PropertyValueSpecification","valueRequired":true,"valueName":"search_term_string"}}],"inLanguage":"en-US"},{"@type":"Person","@id":"https:\/\/mondesirdailleurs.fr\/#\/schema\/person\/7868c9f09d51f9aa4d95a369a07e54cd","name":"Nathalie","image":{"@type":"ImageObject","inLanguage":"en-US","@id":"https:\/\/secure.gravatar.com\/avatar\/a7971071d0b88dfef55f49251cbeb57554d281211d81dbe941c5952677d57af2?s=96&d=mm&r=g","url":"https:\/\/secure.gravatar.com\/avatar\/a7971071d0b88dfef55f49251cbeb57554d281211d81dbe941c5952677d57af2?s=96&d=mm&r=g","contentUrl":"https:\/\/secure.gravatar.com\/avatar\/a7971071d0b88dfef55f49251cbeb57554d281211d81dbe941c5952677d57af2?s=96&d=mm&r=g","caption":"Nathalie"},"url":"https:\/\/mondesirdailleurs.fr\/en\/author\/nathalie\/"}]}},"_links":{"self":[{"href":"https:\/\/mondesirdailleurs.fr\/en\/wp-json\/wp\/v2\/posts\/791","targetHints":{"allow":["GET"]}}],"collection":[{"href":"https:\/\/mondesirdailleurs.fr\/en\/wp-json\/wp\/v2\/posts"}],"about":[{"href":"https:\/\/mondesirdailleurs.fr\/en\/wp-json\/wp\/v2\/types\/post"}],"author":[{"embeddable":true,"href":"https:\/\/mondesirdailleurs.fr\/en\/wp-json\/wp\/v2\/users\/3"}],"replies":[{"embeddable":true,"href":"https:\/\/mondesirdailleurs.fr\/en\/wp-json\/wp\/v2\/comments?post=791"}],"version-history":[{"count":6,"href":"https:\/\/mondesirdailleurs.fr\/en\/wp-json\/wp\/v2\/posts\/791\/revisions"}],"predecessor-version":[{"id":801,"href":"https:\/\/mondesirdailleurs.fr\/en\/wp-json\/wp\/v2\/posts\/791\/revisions\/801"}],"wp:featuredmedia":[{"embeddable":true,"href":"https:\/\/mondesirdailleurs.fr\/en\/wp-json\/wp\/v2\/media\/800"}],"wp:attachment":[{"href":"https:\/\/mondesirdailleurs.fr\/en\/wp-json\/wp\/v2\/media?parent=791"}],"wp:term":[{"taxonomy":"category","embeddable":true,"href":"https:\/\/mondesirdailleurs.fr\/en\/wp-json\/wp\/v2\/categories?post=791"},{"taxonomy":"post_tag","embeddable":true,"href":"https:\/\/mondesirdailleurs.fr\/en\/wp-json\/wp\/v2\/tags?post=791"}],"curies":[{"name":"wp","href":"https:\/\/api.w.org\/{rel}","templated":true}]}}